{"id":25607,"date":"2025-02-16T12:33:05","date_gmt":"2025-02-16T11:33:05","guid":{"rendered":"https:\/\/www.naturopharma.net\/?p=25607"},"modified":"2025-02-16T12:33:07","modified_gmt":"2025-02-16T11:33:07","slug":"eucalyptus-radiata-bienfaits-origine-et-utilisation-en-complement-alimentaire","status":"publish","type":"post","link":"https:\/\/www.naturopharma.net\/it\/eucalyptus-radiata-bienfaits-origine-et-utilisation-en-complement-alimentaire\/","title":{"rendered":"Eucalyptus Radiata: benefici, origine e uso come integratore alimentare"},"content":{"rendered":"<h3 class=\"wp-block-heading\">\ud83c\udf3f <strong>Presentazione di Eucalyptus Radiata<\/strong><\/h3>\n\n\n\n<p>L'<strong>Eucalipto radiata<\/strong> (<em>Eucalipto radiata<\/em>), noto anche come <strong>Eucalipto officinale<\/strong>\u00e8 un albero originario dell'Australia rinomato per la sua <strong>olio essenziale con propriet\u00e0 espettoranti, antivirali e antibatteriche<\/strong>. Meno aggressivo dell'eucalipto globulare, viene spesso utilizzato per il trattamento delle vie respiratorie, in particolare per raffreddori, influenza e congestione bronchiale. La sua fragranza dolce e fresca lo rende un ingrediente popolare in aromaterapia e fitoterapia.<\/p>\n\n\n\n<hr class=\"wp-block-separator has-alpha-channel-opacity\"\/>\n\n\n\n<h3 class=\"wp-block-heading\">\ud83c\udf0d <strong>Origine e habitat<\/strong><\/h3>\n\n\n\n<p>L'Eucalyptus radiata \u00e8 un membro della famiglia dei <strong>Myrtaceae<\/strong> e cresce principalmente in <strong>Australia<\/strong>dove viene ampiamente coltivata per il suo olio essenziale. Si trova anche in <strong>Sudafrica<\/strong> e in alcune regioni <strong>Mediterraneo<\/strong>. Questo albero pu\u00f2 raggiungere <strong>50 metri di altezza<\/strong> e si distingue per la sua <strong>corteccia liscia e foglie allungate ricche di principi attivi<\/strong>.<\/p>\n\n\n\n<hr class=\"wp-block-separator has-alpha-channel-opacity\"\/>\n\n\n\n<h3 class=\"wp-block-heading\">\ud83c\udffa <strong>Composizione e principi attivi<\/strong><\/h3>\n\n\n\n<p>L'olio essenziale di Eucalyptus radiata \u00e8 particolarmente ricco di <strong>composti aromatici benefici<\/strong> :<\/p>\n\n\n\n<p>\u2714 <strong>1,8-cineolo (eucaliptolo) (60-75%)<\/strong> Potente espettorante e antisettico delle vie respiratorie.<br>\u2714 <strong>Alfa-terpineolo<\/strong> Propriet\u00e0 antivirali e antinfiammatorie.<br>\u2714 <strong>Limonene<\/strong> Effetto antiossidante e di protezione cellulare.<br>\u2714 <strong>Sesquiterpeni<\/strong> Supporto del sistema immunitario.<\/p>\n\n\n\n<hr class=\"wp-block-separator has-alpha-channel-opacity\"\/>\n\n\n\n<h3 class=\"wp-block-heading\">\ud83d\udc8a <strong>Vantaggi e propriet\u00e0<\/strong><\/h3>\n\n\n\n<h4 class=\"wp-block-heading\">\ud83d\udd39 <strong>Supporto per le vie respiratorie<\/strong><\/h4>\n\n\n\n<p>Aiuta a liberare <strong>bronchi congestionati<\/strong> e facilita la respirazione.<br>Utilizzato contro <strong>raffreddore, sinusite e bronchite<\/strong>.<br>Effetto <strong>antisettico ed espettorante<\/strong> per eliminare il muco.<\/p>\n\n\n\n<h4 class=\"wp-block-heading\">\ud83d\udd39 <strong>Propriet\u00e0 antivirali e antibatteriche<\/strong><\/h4>\n\n\n\n<p>Rafforza il <strong>sistema immunitario<\/strong> e aiuta a combattere le infezioni invernali.<br>Particolarmente efficace contro <strong>virus stagionali<\/strong> e <strong>batteri patogeni<\/strong>.<br>Azione purificante se diffusa per purificare l'aria.<\/p>\n\n\n\n<h4 class=\"wp-block-heading\">\ud83d\udd39 <strong>Effetto tonificante e rivitalizzante<\/strong><\/h4>\n\n\n\n<p>Migliora la concentrazione e riduce l'affaticamento mentale.<br>Promuove una <strong>effetto energizzante naturale<\/strong> e combatte la pigrizia.<br>Lenisce le tensioni muscolari grazie alla sua azione antinfiammatoria.<\/p>\n\n\n\n<hr class=\"wp-block-separator has-alpha-channel-opacity\"\/>\n\n\n\n<h3 class=\"wp-block-heading\">\ud83c\udffa <strong>Utilizzo e forme disponibili<\/strong><\/h3>\n\n\n\n<p>L'Eucalyptus radiata viene utilizzato in varie forme:<\/p>\n\n\n\n<p>\u2714 <strong>Olio essenziale<\/strong> Inalazione, diffusione o applicazione diluita sulla pelle.<br>\u2714 <strong>Capsule e integratori alimentari<\/strong> Per il supporto del sistema immunitario.<br>\u2714 <strong>Infusi e tisane<\/strong> Per liberare le vie respiratorie e lenire la gola.<br>\u2714 <strong>Balsami e unguenti<\/strong> Per alleviare i dolori muscolari e articolari.<\/p>\n\n\n\n<p>\u23f3 <strong>Dosaggio consigliato<\/strong> :<\/p>\n\n\n\n<ul class=\"wp-block-list\">\n<li><strong>Trasmissione<\/strong> 5-10 gocce in un diffusore per purificare l'aria.<\/li>\n\n\n\n<li><strong>Inalazione<\/strong> 2 o 3 gocce in una bacinella di acqua calda per liberare i seni paranasali.<\/li>\n\n\n\n<li><strong>Applicazione locale<\/strong> diluire 10% in un olio vegetale e applicare sul petto o sulla schiena.<\/li>\n\n\n\n<li><strong>Come integratore alimentare<\/strong> Seguire le raccomandazioni del produttore.<\/li>\n<\/ul>\n\n\n\n<p>\u26a0 <strong>Non usare mai non diluito sulla pelle o ingerito senza consultare un medico.<\/strong><\/p>\n\n\n\n<hr class=\"wp-block-separator has-alpha-channel-opacity\"\/>\n\n\n\n<h3 class=\"wp-block-heading\">\u26a0 <strong>Precauzioni e controindicazioni<\/strong><\/h3>\n\n\n\n<p>Non \u00e8 raccomandato per <strong>donne in gravidanza e in allattamento<\/strong>.<br>Da evitare <strong>bambini di et\u00e0 inferiore ai 3 anni<\/strong> grazie alla presenza di cineolo.<br>Pu\u00f2 interagire con alcuni farmaci anticoagulanti.<br>Non applicare troppo vicino agli occhi o alle mucose.<\/p>\n\n\n\n<hr class=\"wp-block-separator has-alpha-channel-opacity\"\/>\n\n\n\n<h3 class=\"wp-block-heading\">\ud83d\udcda <strong>Fonti e riferimenti scientifici<\/strong><\/h3>\n\n\n\n<p>\u2714 <strong>ANSES - Studi sugli oli essenziali e sui loro effetti sulla salute<\/strong> : &lt;a href=&quot;\/it\/&nbsp;&raquo;https:\/\/www.anses.fr\/fr&nbsp;&raquo;\/&quot;&gt;ANSIE&lt;\/a&gt;<br>\u2714 <strong>Journal of Essential Oil Research - Effetti dell'eucalipto sul sistema respiratorio<\/strong> : &lt;a href=&quot;\/it\/&nbsp;&raquo;https:\/\/www.tandfonline.com&nbsp;&raquo;\/&quot;&gt;Rivista EO Research&lt;\/a&gt;<br>\u2714 <strong>Inserm - Propriet\u00e0 antivirali e antibatteriche degli oli essenziali<\/strong> : &lt;a href=&quot;\/it\/&nbsp;&raquo;https:\/\/www.inserm.fr&nbsp;&raquo;\/&quot;&gt;Inserm&lt;\/a&gt;<\/p>\n\n\n\n<hr class=\"wp-block-separator has-alpha-channel-opacity\"\/>\n\n\n\n<h3 class=\"wp-block-heading\">\ud83d\udd0d <strong>In breve<\/strong><\/h3>\n\n\n\n<p>L'<strong>Eucalipto radiata<\/strong> \u00e8 una soluzione naturale efficace per combattere <strong>malattie respiratorie<\/strong>rafforzare il <strong>sistema immunitario<\/strong> e rivitalizzare il corpo. Il suo <strong>azione antisettica<\/strong>, <strong>antivirale<\/strong> e <strong>espettorante<\/strong> lo rende un alleato essenziale per l'inverno. Tuttavia, deve essere usato con cautela, soprattutto dai bambini piccoli e dalle donne in gravidanza.<\/p>\n\n\n\n<p>\ud83d\udd39 <strong>Ideale per<\/strong> Raffreddore, sinusite, stanchezza, immunit\u00e0.<br>\ud83d\udd39 <strong>Evitare in caso di<\/strong> Asma grave, bambini piccoli, gravidanza.<\/p>","protected":false},"excerpt":{"rendered":"<p>\ud83c\udf3f Pr\u00e9sentation de l\u2019Eucalyptus Radiata L\u2019Eucalyptus Radiata (Eucalyptus radiata), \u00e9galement appel\u00e9 Eucalyptus officinal, est un arbre originaire d\u2019Australie r\u00e9put\u00e9 pour son huile essentielle aux vertus expectorantes, antivirales et antibact\u00e9riennes. Moins agressif que l\u2019eucalyptus globulus, il est souvent privil\u00e9gi\u00e9 pour les soins des voies respiratoires, notamment en cas de rhume, grippe ou encombrement bronchique. Son parfum [&hellip;]<\/p>\n","protected":false},"author":5,"featured_media":25608,"comment_status":"closed","ping_status":"open","sticky":false,"template":"","format":"standard","meta":{"inline_featured_image":false,"iawp_total_views":102,"footnotes":""},"categories":[178],"tags":[],"class_list":["post-25607","post","type-post","status-publish","format-standard","has-post-thumbnail","hentry","category-guide-plantes-et-actifs"],"jetpack_featured_media_url":"https:\/\/www.naturopharma.net\/wp-content\/uploads\/2025\/02\/Eucalyptus-radiata.jpg","_links":{"self":[{"href":"https:\/\/www.naturopharma.net\/it\/wp-json\/wp\/v2\/posts\/25607","targetHints":{"allow":["GET"]}}],"collection":[{"href":"https:\/\/www.naturopharma.net\/it\/wp-json\/wp\/v2\/posts"}],"about":[{"href":"https:\/\/www.naturopharma.net\/it\/wp-json\/wp\/v2\/types\/post"}],"author":[{"embeddable":true,"href":"https:\/\/www.naturopharma.net\/it\/wp-json\/wp\/v2\/users\/5"}],"replies":[{"embeddable":true,"href":"https:\/\/www.naturopharma.net\/it\/wp-json\/wp\/v2\/comments?post=25607"}],"version-history":[{"count":0,"href":"https:\/\/www.naturopharma.net\/it\/wp-json\/wp\/v2\/posts\/25607\/revisions"}],"wp:featuredmedia":[{"embeddable":true,"href":"https:\/\/www.naturopharma.net\/it\/wp-json\/wp\/v2\/media\/25608"}],"wp:attachment":[{"href":"https:\/\/www.naturopharma.net\/it\/wp-json\/wp\/v2\/media?parent=25607"}],"wp:term":[{"taxonomy":"category","embeddable":true,"href":"https:\/\/www.naturopharma.net\/it\/wp-json\/wp\/v2\/categories?post=25607"},{"taxonomy":"post_tag","embeddable":true,"href":"https:\/\/www.naturopharma.net\/it\/wp-json\/wp\/v2\/tags?post=25607"}],"curies":[{"name":"wp","href":"https:\/\/api.w.org\/{rel}","templated":true}]}}